{"id":10007,"date":"2025-04-29T09:45:31","date_gmt":"2025-04-29T09:45:31","guid":{"rendered":"https:\/\/assecoplatform.com\/2026\/09\/02\/join-us-for-an-exclusive-fmcg-retail-networking-dinner-de\/"},"modified":"2026-09-02T09:24:24","modified_gmt":"2026-09-02T09:24:24","slug":"fmcg-networking-dinner-amsterdam","status":"publish","type":"post","link":"https:\/\/assecoplatform.com\/de\/2025\/04\/29\/fmcg-networking-dinner-amsterdam\/","title":{"rendered":"Ein Networking-Dinner f\u00fcr FMCG-Hersteller und Handel in Amsterdam, abseits des Konferenzraums"},"content":{"rendered":"\n<style>\n\nbody.postid-10007 .single-header{display:none !important;}\nbody.postid-10007 .single-content-wrapper{margin-top:0 !important;padding-top:0 !important;}\nbody.postid-10007 .entry-content{margin-top:0 !important;padding-top:0 !important;}\nbody.postid-10007 .entry-content>:first-child{margin-top:0 !important;}\n.cs-hero h1{font-size:clamp(30px,3.6vw,48px);line-height:1.14;margin:0 0 22px;color:#fff;font-weight:700;}\n.cs-hgrid{display:grid;grid-template-columns:1.1fr 0.9fr;gap:48px;align-items:center;}\n.cs-hero img{width:auto;max-width:100%;height:auto;max-height:480px;border-radius:16px;box-shadow:0 20px 60px rgba(0,0,0,0.4);display:block;margin:0 auto;}\n.cs-facts{display:grid;grid-template-columns:1fr;gap:18px;margin-top:34px;padding-top:26px;border-top:1px solid rgba(255,255,255,0.18);}\n.cs-facts>div{display:grid;grid-template-columns:200px 1fr;gap:18px;align-items:baseline;}\n.cs-facts .n{font-size:27px;font-weight:800;line-height:1.1;white-space:nowrap;}\n.cs-facts .l{font-size:15px;color:rgba(255,255,255,0.75);line-height:1.5;}\n.cs-sec{padding:76px 0;}\n.cs-sec .cs-wrap{max-width:1000px;margin:0 auto;padding:0 24px;}\n.cs-sec--white{background:#fff;}\n.cs-sec--gray{background:#F8FAFC;}\n.cs-sec--dark{background:linear-gradient(135deg,#0B1E3F 0%,#1a2f5a 50%,#0B1E3F 100%);color:#fff;}\n.cs-sec h2{font-size:clamp(27px,2.8vw,38px);line-height:1.2;margin:0 0 24px;color:#0B1E3F;font-weight:700;}\n.cs-sec--dark h2{color:#fff;}\n.cs-sec h3{font-size:21px;line-height:1.3;margin:34px 0 10px;color:#0B1E3F;font-weight:700;}\n.cs-sec p{font-size:18px;line-height:1.7;color:#334155;margin:0 0 20px;}\n.cs-sec p:last-child{margin-bottom:0;}\n.cs-sec--dark p{color:rgba(255,255,255,0.85);}\n.cs-sec a{color:#4F46E5;}\n.cs-sec--dark a{color:#fff;text-decoration:underline;}\n.cs-eyebrow{font-size:14px;letter-spacing:2px;text-transform:uppercase;color:#64748B;margin-bottom:16px;font-weight:600;}\n.cs-sec--dark .cs-eyebrow{color:#94A3B8;}\n.gradient-text{background:linear-gradient(90deg,#F59E0B,#EC4899,#8B5CF6);-webkit-background-clip:text;background-clip:text;-webkit-text-fill-color:transparent;}\n.cs-answer{background:#F1F5F9;border-left:4px solid #4F46E5;border-radius:0 14px 14px 0;padding:24px 28px;margin:0 0 28px;}\n.cs-answer p{margin:0;font-size:18px;line-height:1.65;color:#1E293B;}\n.cs-fig{margin:34px 0 0;}\n.cs-fig img{width:100%;height:auto;border-radius:14px;display:block;}\n.cs-fig figcaption{font-size:14px;color:#64748B;margin-top:10px;font-style:italic;text-align:center;}\n.cs-fig--narrow img{max-width:560px;margin:0 auto;}\n.cs-fig--tall img{max-width:620px;margin:0 auto;}\n.cs-sec ol.cs-qlist{list-style:none !important;margin:0;padding:0;counter-reset:q;}\n.cs-sec ol.cs-qlist li{counter-increment:q;position:relative;padding:2px 0 2px 68px;margin:0 0 26px;font-size:18px;line-height:1.65;color:#334155;min-height:44px;}\n.cs-sec ol.cs-qlist li:last-child{margin-bottom:0;}\n.cs-sec ol.cs-qlist li::before{content:counter(q);position:absolute;left:0;top:0;width:44px;height:44px;border-radius:13px;background:#0B1E3F;color:#fff;font-weight:800;font-size:19px;line-height:44px;text-align:center;}\n.cs-list{margin:0;padding:0;list-style:none;}\n.cs-list li{font-size:18px;line-height:1.7;color:#334155;margin:0 0 22px;padding-left:0;}\n.cs-list li:last-child{margin-bottom:0;}\n.cs-cta{background:linear-gradient(135deg,#0B1E3F 0%,#1a2f5a 100%);text-align:center;}\n.cs-cta h2{color:#fff;margin:0 0 22px;}\n.cs-cta a.cs-btn{display:inline-block;background:#fff;color:#0B1E3F;font-weight:700;font-size:16px;padding:15px 34px;border-radius:10px;text-decoration:none;}\n.cs-foot{font-size:14px;color:rgba(255,255,255,0.6);line-height:1.6;max-width:760px;margin:32px auto 0;text-align:center;font-style:italic;}\n@media(max-width:781px){.cs-hgrid{grid-template-columns:1fr !important;}.cs-sec{padding:56px 0;}.cs-facts>div{grid-template-columns:1fr;gap:4px;}.cs-sec ol.cs-qlist li{padding-left:56px;font-size:17px;}.cs-sec ol.cs-qlist li::before{width:38px;height:38px;line-height:38px;font-size:17px;border-radius:11px;}}\n\n\/* KOMPONENT 7 v1.1 (AP_DESIGN_LAYER\/blog-hero.md). Identyczne reguly jak na osmiu\n   obiektach wyrownanych 2026-09-02 przy CHG-493, doklejane PO bazowym CSS wzorca. *\/\n.cs-hero .cs-hgrid{grid-template-columns:1fr 1.15fr;gap:48px;align-items:center;}\n.cs-hero img{width:100%;max-height:none;}\n.cs-hlead{margin-top:34px;columns:2;column-gap:48px;}\n.cs-hlead p{margin:0 0 18px;}\n.cs-hlead p:last-child{margin-bottom:0;}\n.cs-sec--dark .cs-list li{color:rgba(255,255,255,0.85);}\n.cs-sec p.cs-foot{margin:34px auto 0;}\n.cs-hero .cs-facts{display:flex;gap:44px;margin:46px 0 0;padding-top:30px;\n  border-top:1px solid rgba(255,255,255,0.18);}\n.cs-hero .cs-facts>div{flex:1 1 0;min-width:0;display:block;}\n.cs-hero .cs-facts .n{font-size:32px;line-height:1.1;margin:0 0 10px;white-space:nowrap;}\n.cs-hero .cs-facts .l{font-size:15px;line-height:1.5;}\n.cs-hero .cs-prow{margin:26px 0 0;}\n@media(max-width:781px){\n  .cs-hero .cs-hgrid{grid-template-columns:1fr !important;gap:32px;}\n  .cs-hlead{columns:1;column-gap:0;margin-top:24px;}\n  .cs-hero .cs-facts{flex-direction:column;gap:24px;}\n}\n<\/style>\n\n\n\n<section class=\"cs-sec cs-sec--dark cs-hero alignfull\" style=\"padding:80px 0 92px;\"><div class=\"cs-wrap\"><div class=\"cs-hgrid\"><div><div class=\"cs-eyebrow\">Veranstaltungen<\/div><h1>Ein Networking-Dinner f\u00fcr FMCG-Hersteller und Handel in Amsterdam, <span class=\"gradient-text\">abseits des Konferenzraums<\/span><\/h1><\/div><div><figure class=\"cs-fig\" style=\"margin:0\"><img fetchpriority=\"high\" decoding=\"async\" src=\"https:\/\/assecoplatform.com\/wp-content\/uploads\/2026\/09\/midtown-grill-wine-room.webp\" alt=\"An der Bartheke ist f\u00fcr den Abend gedeckt, dahinter eine beleuchtete Wand mit Weinflaschen im Midtown Grill in Amsterdam\" width=\"650\" height=\"490\" loading=\"eager\"\/><\/figure><\/div><\/div><div class=\"cs-hlead\"><p>Am 14. Mai 2025 haben wir zum Networking-Dinner ins Restaurant Midtown Grill in der Amsterdamer Innenstadt eingeladen. Am Tisch sa\u00dfen Fachleute aus der FMCG-Branche und dem Handel, die zum POI European Summit angereist waren. Die Runde war bewusst klein.<\/p><p>Es gab kein Programm. Cocktails, Steaks und ein paar Stunden Gespr\u00e4ch mit Menschen, die sich beruflich mit denselben Fragen besch\u00e4ftigen. Kein Messestand dazwischen, und niemand musste eine Pr\u00e4sentation halten.<\/p><\/div><div class=\"cs-facts\"><div><div class=\"n gradient-text\">14. Mai 2025<\/div><div class=\"l\">Abend des POI European Summits<\/div><\/div><div><div class=\"n gradient-text\">Amsterdam<\/div><div class=\"l\">Hier fand der Summit statt<\/div><\/div><div><div class=\"n gradient-text\">Midtown Grill<\/div><div class=\"l\">Nur auf Einladung, mit wenigen Pl\u00e4tzen<\/div><\/div><\/div><p class=\"cs-prow\" style=\"font-size:14px;color:rgba(255,255,255,0.6);line-height:1.6;font-style:italic;\">Fotos: Midtown Grill, Amsterdam.<\/p><\/div><\/section>\n\n\n\n<section class=\"cs-sec cs-sec--white alignfull\"><div class=\"cs-wrap\"><h2>Was so ein Abend bringt<\/h2><p>Auf einer Konferenz haben Sie ein paar Minuten mit jemandem, der im Stehen einen Kaffee h\u00e4lt und schon auf die Uhr sieht. An einem Tisch sitzen Sie einen ganzen Abend. Wir haben deshalb einen Tisch im Restaurant gebucht, nicht noch einen Konferenzraum.<\/p><p>Die Menschen an diesem Tisch arbeiten an derselben Aufgabe wie wir: die richtigen Produkte ins richtige Regal zu bringen und sie dort zu halten. Daf\u00fcr sind unsere <a href=\"https:\/\/assecoplatform.com\/de\/aussendienst-software-fmcg\/\">L\u00f6sungen f\u00fcr die Regalausf\u00fchrung<\/a> da. An einem solchen Abend h\u00f6ren wir, was am Regal noch nicht funktioniert.<\/p><figure class=\"cs-fig\"><img decoding=\"async\" src=\"https:\/\/assecoplatform.com\/wp-content\/uploads\/2026\/09\/midtown-grill-amsterdam.webp\" alt=\"Innenraum des Restaurants Midtown Grill in Amsterdam, der Name in Metallbuchstaben auf einer Wand aus Holzlatten, darunter rote Lederb\u00e4nke\" width=\"1600\" height=\"718\" loading=\"lazy\"\/><figcaption>Midtown Grill, Amsterdam<\/figcaption><\/figure><\/div><\/section>\n\n\n\n<section class=\"cs-sec cs-sec--dark cs-cta alignfull\"><div class=\"cs-wrap\"><h2>Treffen wir uns auf einer Branchenveranstaltung?<\/h2><a class=\"cs-btn\" href=\"https:\/\/assecoplatform.com\/de\/kontaktieren-sie-uns\/\">Kontakt aufnehmen &#8594;<\/a><p class=\"cs-foot\">\u00dcber das Jahr verteilt sind wir auf Branchenveranstaltungen in ganz Europa unterwegs. Wenn Sie auf einer davon sind, schreiben Sie uns kurz, auf welcher, dann nehmen wir uns eine halbe Stunde Zeit.<\/p><\/div><\/section>\n","protected":false},"excerpt":{"rendered":"<p>Veranstaltungen Ein Networking-Dinner f\u00fcr FMCG-Hersteller und Handel in Amsterdam, abseits des Konferenzraums Am 14. Mai 2025 haben wir zum Networking-Dinner ins Restaurant Midtown Grill in der Amsterdamer Innenstadt eingeladen. Am Tisch sa\u00dfen Fachleute aus der FMCG-Branche und dem Handel, die zum POI European Summit angereist waren. Die Runde war bewusst klein. Es gab kein Programm. [&hellip;]<\/p>\n","protected":false},"author":0,"featured_media":10008,"comment_status":"closed","ping_status":"closed","sticky":false,"template":"","format":"standard","meta":{"_eb_attr":"","footnotes":""},"categories":[204,1],"tags":[],"class_list":["post-10007","post","type-post","status-publish","format-standard","has-post-thumbnail","hentry","category-conference-de","category-uncategorized"],"yoast_head":"<!-- This site is optimized with the Yoast SEO Premium plugin v28.0 (Yoast SEO v28.3) - https:\/\/yoast.com\/product\/yoast-seo-premium-wordpress\/ -->\n<title>FMCG-Networking-Dinner in Amsterdam | Asseco Platform<\/title>\n<meta name=\"description\" content=\"Wir haben Fachleute aus der FMCG-Branche und dem Handel zum Networking-Dinner nach Amsterdam eingeladen, am Abend des POI European Summits.\" \/>\n<meta name=\"robots\" content=\"index, follow, max-snippet:-1, max-image-preview:large, max-video-preview:-1\" \/>\n<link rel=\"canonical\" href=\"https:\/\/assecoplatform.com\/de\/2025\/04\/29\/fmcg-networking-dinner-amsterdam\/\" \/>\n<meta property=\"og:locale\" content=\"de_DE\" \/>\n<meta property=\"og:type\" content=\"article\" \/>\n<meta property=\"og:title\" content=\"Ein Networking-Dinner f\u00fcr FMCG-Hersteller und Handel in Amsterdam, abseits des Konferenzraums\" \/>\n<meta property=\"og:description\" content=\"Wir haben Fachleute aus der FMCG-Branche und dem Handel zum Networking-Dinner nach Amsterdam eingeladen, am Abend des POI European Summits.\" \/>\n<meta property=\"og:url\" content=\"https:\/\/assecoplatform.com\/de\/2025\/04\/29\/fmcg-networking-dinner-amsterdam\/\" \/>\n<meta property=\"og:site_name\" content=\"Asseco Platform\" \/>\n<meta property=\"article:published_time\" content=\"2025-04-29T09:45:31+00:00\" \/>\n<meta property=\"article:modified_time\" content=\"2026-09-02T09:24:24+00:00\" \/>\n<meta property=\"og:image\" content=\"https:\/\/assecoplatform.com\/wp-content\/uploads\/2025\/04\/dinner-amsterdam.png\" \/>\n\t<meta property=\"og:image:width\" content=\"693\" \/>\n\t<meta property=\"og:image:height\" content=\"569\" \/>\n\t<meta property=\"og:image:type\" content=\"image\/png\" \/>\n<meta name=\"twitter:card\" content=\"summary_large_image\" \/>\n<meta name=\"twitter:label1\" content=\"Gesch\u00e4tzte Lesezeit\" \/>\n\t<meta name=\"twitter:data1\" content=\"1\u00a0Minute\" \/>\n<script type=\"application\/ld+json\" class=\"yoast-schema-graph\">{\"@context\":\"https:\\\/\\\/schema.org\",\"@graph\":[{\"@type\":\"Article\",\"@id\":\"https:\\\/\\\/assecoplatform.com\\\/de\\\/2025\\\/04\\\/29\\\/fmcg-networking-dinner-amsterdam\\\/#article\",\"isPartOf\":{\"@id\":\"https:\\\/\\\/assecoplatform.com\\\/de\\\/2025\\\/04\\\/29\\\/fmcg-networking-dinner-amsterdam\\\/\"},\"author\":{\"name\":\"\",\"@id\":\"\"},\"headline\":\"Ein Networking-Dinner f\u00fcr FMCG-Hersteller und Handel in Amsterdam, abseits des Konferenzraums\",\"datePublished\":\"2025-04-29T09:45:31+00:00\",\"dateModified\":\"2026-09-02T09:24:24+00:00\",\"mainEntityOfPage\":{\"@id\":\"https:\\\/\\\/assecoplatform.com\\\/de\\\/2025\\\/04\\\/29\\\/fmcg-networking-dinner-amsterdam\\\/\"},\"wordCount\":260,\"publisher\":{\"@id\":\"https:\\\/\\\/assecoplatform.com\\\/de\\\/#organization\"},\"image\":{\"@id\":\"https:\\\/\\\/assecoplatform.com\\\/de\\\/2025\\\/04\\\/29\\\/fmcg-networking-dinner-amsterdam\\\/#primaryimage\"},\"thumbnailUrl\":\"https:\\\/\\\/assecoplatform.com\\\/wp-content\\\/uploads\\\/2025\\\/04\\\/dinner-amsterdam.png\",\"articleSection\":[\"Conference\",\"Uncategorized\"],\"inLanguage\":\"de\"},{\"@type\":\"WebPage\",\"@id\":\"https:\\\/\\\/assecoplatform.com\\\/de\\\/2025\\\/04\\\/29\\\/fmcg-networking-dinner-amsterdam\\\/\",\"url\":\"https:\\\/\\\/assecoplatform.com\\\/de\\\/2025\\\/04\\\/29\\\/fmcg-networking-dinner-amsterdam\\\/\",\"name\":\"FMCG-Networking-Dinner in Amsterdam | Asseco Platform\",\"isPartOf\":{\"@id\":\"https:\\\/\\\/assecoplatform.com\\\/de\\\/#website\"},\"primaryImageOfPage\":{\"@id\":\"https:\\\/\\\/assecoplatform.com\\\/de\\\/2025\\\/04\\\/29\\\/fmcg-networking-dinner-amsterdam\\\/#primaryimage\"},\"image\":{\"@id\":\"https:\\\/\\\/assecoplatform.com\\\/de\\\/2025\\\/04\\\/29\\\/fmcg-networking-dinner-amsterdam\\\/#primaryimage\"},\"thumbnailUrl\":\"https:\\\/\\\/assecoplatform.com\\\/wp-content\\\/uploads\\\/2025\\\/04\\\/dinner-amsterdam.png\",\"datePublished\":\"2025-04-29T09:45:31+00:00\",\"dateModified\":\"2026-09-02T09:24:24+00:00\",\"description\":\"Wir haben Fachleute aus der FMCG-Branche und dem Handel zum Networking-Dinner nach Amsterdam eingeladen, am Abend des POI European Summits.\",\"breadcrumb\":{\"@id\":\"https:\\\/\\\/assecoplatform.com\\\/de\\\/2025\\\/04\\\/29\\\/fmcg-networking-dinner-amsterdam\\\/#breadcrumb\"},\"inLanguage\":\"de\",\"potentialAction\":[{\"@type\":\"ReadAction\",\"target\":[\"https:\\\/\\\/assecoplatform.com\\\/de\\\/2025\\\/04\\\/29\\\/fmcg-networking-dinner-amsterdam\\\/\"]}]},{\"@type\":\"ImageObject\",\"inLanguage\":\"de\",\"@id\":\"https:\\\/\\\/assecoplatform.com\\\/de\\\/2025\\\/04\\\/29\\\/fmcg-networking-dinner-amsterdam\\\/#primaryimage\",\"url\":\"https:\\\/\\\/assecoplatform.com\\\/wp-content\\\/uploads\\\/2025\\\/04\\\/dinner-amsterdam.png\",\"contentUrl\":\"https:\\\/\\\/assecoplatform.com\\\/wp-content\\\/uploads\\\/2025\\\/04\\\/dinner-amsterdam.png\",\"width\":693,\"height\":569},{\"@type\":\"BreadcrumbList\",\"@id\":\"https:\\\/\\\/assecoplatform.com\\\/de\\\/2025\\\/04\\\/29\\\/fmcg-networking-dinner-amsterdam\\\/#breadcrumb\",\"itemListElement\":[{\"@type\":\"ListItem\",\"position\":1,\"name\":\"Home\",\"item\":\"https:\\\/\\\/assecoplatform.com\\\/de\\\/homepage\\\/\"},{\"@type\":\"ListItem\",\"position\":2,\"name\":\"Ein Networking-Dinner f\u00fcr FMCG-Hersteller und Handel in Amsterdam, abseits des Konferenzraums\"}]},{\"@type\":\"WebSite\",\"@id\":\"https:\\\/\\\/assecoplatform.com\\\/de\\\/#website\",\"url\":\"https:\\\/\\\/assecoplatform.com\\\/de\\\/\",\"name\":\"Asseco Platform\",\"description\":\"Solutions for FMCG\",\"publisher\":{\"@id\":\"https:\\\/\\\/assecoplatform.com\\\/de\\\/#organization\"},\"potentialAction\":[{\"@type\":\"SearchAction\",\"target\":{\"@type\":\"EntryPoint\",\"urlTemplate\":\"https:\\\/\\\/assecoplatform.com\\\/de\\\/?s={search_term_string}\"},\"query-input\":{\"@type\":\"PropertyValueSpecification\",\"valueRequired\":true,\"valueName\":\"search_term_string\"}}],\"inLanguage\":\"de\"},{\"@type\":\"Organization\",\"@id\":\"https:\\\/\\\/assecoplatform.com\\\/de\\\/#organization\",\"name\":\"Asseco Platform\",\"url\":\"https:\\\/\\\/assecoplatform.com\\\/de\\\/\",\"logo\":{\"@type\":\"ImageObject\",\"inLanguage\":\"de\",\"@id\":\"https:\\\/\\\/assecoplatform.com\\\/de\\\/#\\\/schema\\\/logo\\\/image\\\/\",\"url\":\"https:\\\/\\\/assecoplatform.com\\\/wp-content\\\/uploads\\\/2024\\\/07\\\/asseco_platform.svg\",\"contentUrl\":\"https:\\\/\\\/assecoplatform.com\\\/wp-content\\\/uploads\\\/2024\\\/07\\\/asseco_platform.svg\",\"caption\":\"Asseco Platform\"},\"image\":{\"@id\":\"https:\\\/\\\/assecoplatform.com\\\/de\\\/#\\\/schema\\\/logo\\\/image\\\/\"}}]}<\/script>\n<!-- \/ Yoast SEO Premium plugin. -->","yoast_head_json":{"title":"FMCG-Networking-Dinner in Amsterdam | Asseco Platform","description":"Wir haben Fachleute aus der FMCG-Branche und dem Handel zum Networking-Dinner nach Amsterdam eingeladen, am Abend des POI European Summits.","robots":{"index":"index","follow":"follow","max-snippet":"max-snippet:-1","max-image-preview":"max-image-preview:large","max-video-preview":"max-video-preview:-1"},"canonical":"https:\/\/assecoplatform.com\/de\/2025\/04\/29\/fmcg-networking-dinner-amsterdam\/","og_locale":"de_DE","og_type":"article","og_title":"Ein Networking-Dinner f\u00fcr FMCG-Hersteller und Handel in Amsterdam, abseits des Konferenzraums","og_description":"Wir haben Fachleute aus der FMCG-Branche und dem Handel zum Networking-Dinner nach Amsterdam eingeladen, am Abend des POI European Summits.","og_url":"https:\/\/assecoplatform.com\/de\/2025\/04\/29\/fmcg-networking-dinner-amsterdam\/","og_site_name":"Asseco Platform","article_published_time":"2025-04-29T09:45:31+00:00","article_modified_time":"2026-09-02T09:24:24+00:00","og_image":[{"width":693,"height":569,"url":"https:\/\/assecoplatform.com\/wp-content\/uploads\/2025\/04\/dinner-amsterdam.png","type":"image\/png"}],"twitter_card":"summary_large_image","twitter_misc":{"Gesch\u00e4tzte Lesezeit":"1\u00a0Minute"},"schema":{"@context":"https:\/\/schema.org","@graph":[{"@type":"Article","@id":"https:\/\/assecoplatform.com\/de\/2025\/04\/29\/fmcg-networking-dinner-amsterdam\/#article","isPartOf":{"@id":"https:\/\/assecoplatform.com\/de\/2025\/04\/29\/fmcg-networking-dinner-amsterdam\/"},"author":{"name":"","@id":""},"headline":"Ein Networking-Dinner f\u00fcr FMCG-Hersteller und Handel in Amsterdam, abseits des Konferenzraums","datePublished":"2025-04-29T09:45:31+00:00","dateModified":"2026-09-02T09:24:24+00:00","mainEntityOfPage":{"@id":"https:\/\/assecoplatform.com\/de\/2025\/04\/29\/fmcg-networking-dinner-amsterdam\/"},"wordCount":260,"publisher":{"@id":"https:\/\/assecoplatform.com\/de\/#organization"},"image":{"@id":"https:\/\/assecoplatform.com\/de\/2025\/04\/29\/fmcg-networking-dinner-amsterdam\/#primaryimage"},"thumbnailUrl":"https:\/\/assecoplatform.com\/wp-content\/uploads\/2025\/04\/dinner-amsterdam.png","articleSection":["Conference","Uncategorized"],"inLanguage":"de"},{"@type":"WebPage","@id":"https:\/\/assecoplatform.com\/de\/2025\/04\/29\/fmcg-networking-dinner-amsterdam\/","url":"https:\/\/assecoplatform.com\/de\/2025\/04\/29\/fmcg-networking-dinner-amsterdam\/","name":"FMCG-Networking-Dinner in Amsterdam | Asseco Platform","isPartOf":{"@id":"https:\/\/assecoplatform.com\/de\/#website"},"primaryImageOfPage":{"@id":"https:\/\/assecoplatform.com\/de\/2025\/04\/29\/fmcg-networking-dinner-amsterdam\/#primaryimage"},"image":{"@id":"https:\/\/assecoplatform.com\/de\/2025\/04\/29\/fmcg-networking-dinner-amsterdam\/#primaryimage"},"thumbnailUrl":"https:\/\/assecoplatform.com\/wp-content\/uploads\/2025\/04\/dinner-amsterdam.png","datePublished":"2025-04-29T09:45:31+00:00","dateModified":"2026-09-02T09:24:24+00:00","description":"Wir haben Fachleute aus der FMCG-Branche und dem Handel zum Networking-Dinner nach Amsterdam eingeladen, am Abend des POI European Summits.","breadcrumb":{"@id":"https:\/\/assecoplatform.com\/de\/2025\/04\/29\/fmcg-networking-dinner-amsterdam\/#breadcrumb"},"inLanguage":"de","potentialAction":[{"@type":"ReadAction","target":["https:\/\/assecoplatform.com\/de\/2025\/04\/29\/fmcg-networking-dinner-amsterdam\/"]}]},{"@type":"ImageObject","inLanguage":"de","@id":"https:\/\/assecoplatform.com\/de\/2025\/04\/29\/fmcg-networking-dinner-amsterdam\/#primaryimage","url":"https:\/\/assecoplatform.com\/wp-content\/uploads\/2025\/04\/dinner-amsterdam.png","contentUrl":"https:\/\/assecoplatform.com\/wp-content\/uploads\/2025\/04\/dinner-amsterdam.png","width":693,"height":569},{"@type":"BreadcrumbList","@id":"https:\/\/assecoplatform.com\/de\/2025\/04\/29\/fmcg-networking-dinner-amsterdam\/#breadcrumb","itemListElement":[{"@type":"ListItem","position":1,"name":"Home","item":"https:\/\/assecoplatform.com\/de\/homepage\/"},{"@type":"ListItem","position":2,"name":"Ein Networking-Dinner f\u00fcr FMCG-Hersteller und Handel in Amsterdam, abseits des Konferenzraums"}]},{"@type":"WebSite","@id":"https:\/\/assecoplatform.com\/de\/#website","url":"https:\/\/assecoplatform.com\/de\/","name":"Asseco Platform","description":"Solutions for FMCG","publisher":{"@id":"https:\/\/assecoplatform.com\/de\/#organization"},"potentialAction":[{"@type":"SearchAction","target":{"@type":"EntryPoint","urlTemplate":"https:\/\/assecoplatform.com\/de\/?s={search_term_string}"},"query-input":{"@type":"PropertyValueSpecification","valueRequired":true,"valueName":"search_term_string"}}],"inLanguage":"de"},{"@type":"Organization","@id":"https:\/\/assecoplatform.com\/de\/#organization","name":"Asseco Platform","url":"https:\/\/assecoplatform.com\/de\/","logo":{"@type":"ImageObject","inLanguage":"de","@id":"https:\/\/assecoplatform.com\/de\/#\/schema\/logo\/image\/","url":"https:\/\/assecoplatform.com\/wp-content\/uploads\/2024\/07\/asseco_platform.svg","contentUrl":"https:\/\/assecoplatform.com\/wp-content\/uploads\/2024\/07\/asseco_platform.svg","caption":"Asseco Platform"},"image":{"@id":"https:\/\/assecoplatform.com\/de\/#\/schema\/logo\/image\/"}}]}},"_links":{"self":[{"href":"https:\/\/assecoplatform.com\/de\/wp-json\/wp\/v2\/posts\/10007","targetHints":{"allow":["GET"]}}],"collection":[{"href":"https:\/\/assecoplatform.com\/de\/wp-json\/wp\/v2\/posts"}],"about":[{"href":"https:\/\/assecoplatform.com\/de\/wp-json\/wp\/v2\/types\/post"}],"replies":[{"embeddable":true,"href":"https:\/\/assecoplatform.com\/de\/wp-json\/wp\/v2\/comments?post=10007"}],"version-history":[{"count":1,"href":"https:\/\/assecoplatform.com\/de\/wp-json\/wp\/v2\/posts\/10007\/revisions"}],"predecessor-version":[{"id":10013,"href":"https:\/\/assecoplatform.com\/de\/wp-json\/wp\/v2\/posts\/10007\/revisions\/10013"}],"wp:featuredmedia":[{"embeddable":true,"href":"https:\/\/assecoplatform.com\/de\/wp-json\/wp\/v2\/media\/10008"}],"wp:attachment":[{"href":"https:\/\/assecoplatform.com\/de\/wp-json\/wp\/v2\/media?parent=10007"}],"wp:term":[{"taxonomy":"category","embeddable":true,"href":"https:\/\/assecoplatform.com\/de\/wp-json\/wp\/v2\/categories?post=10007"},{"taxonomy":"post_tag","embeddable":true,"href":"https:\/\/assecoplatform.com\/de\/wp-json\/wp\/v2\/tags?post=10007"}],"curies":[{"name":"wp","href":"https:\/\/api.w.org\/{rel}","templated":true}]}}